{"id":44901,"date":"2026-08-27T05:45:00","date_gmt":"2026-08-27T05:45:00","guid":{"rendered":"https:\/\/webagro.com.ar\/es\/?p=44901"},"modified":"2026-08-27T13:37:23","modified_gmt":"2026-08-27T13:37:23","slug":"cultivos-de-cobertura-mezcla-de-especies","status":"publish","type":"post","link":"https:\/\/webagro.com.ar\/es\/noticias-de-interes-general\/cultivos-de-cobertura-mezcla-de-especies\/","title":{"rendered":"Producir heno de alfalfa de calidad"},"content":{"rendered":"<p>&nbsp;<\/p>\n<p>De ser una pradera extendida en 5 millones de hect\u00e1reas, la alfalfa ha reducido su superficie por la competencia de la agricultura.<\/p>\n<p>En este sentido, aumentar la eficiencia por hect\u00e1rea esclave para que el cultivo rinda al m\u00e1ximo.<\/p>\n<p>Durante el henificado, esto supone cuidar el corte, el rastrillo y la confecci\u00f3n para conservar los nutrientes.<\/p>\n<p>&nbsp;<\/p>\n<p><iframe loading=\"lazy\" title=\"Producir heno de alfalfa de calidad\" width=\"640\" height=\"360\" src=\"https:\/\/www.youtube.com\/embed\/PGu_dUwzY6c?feature=oembed\" frameborder=\"0\" allow=\"accelerometer; autoplay; clipboard-write; encrypted-media; gyroscope; picture-in-picture; web-share\" referrerpolicy=\"strict-origin-when-cross-origin\" allowfullscreen><\/iframe><\/p>\n<p>Fuente: Pampero TV<\/p>\n","protected":false},"excerpt":{"rendered":"<p>&nbsp; De ser una pradera extendida en 5 millones de hect\u00e1reas, la alfalfa ha reducido su superficie por la competencia de la agricultura. En este sentido, aumentar la eficiencia por hect\u00e1rea esclave para que el cultivo rinda al m\u00e1ximo. Durante el henificado, esto supone cuidar el corte, el rastrillo y la confecci\u00f3n para conservar los nutrientes. &nbsp; Fuente: Pampero TV<\/p>\n","protected":false},"author":1,"featured_media":48607,"comment_status":"closed","ping_status":"closed","sticky":false,"template":"","format":"standard","meta":{"footnotes":""},"categories":[30],"tags":[],"class_list":["post-44901","post","type-post","status-publish","format-standard","has-post-thumbnail","hentry","category-noticias-de-interes-general"],"_links":{"self":[{"href":"https:\/\/webagro.com.ar\/es\/wp-json\/wp\/v2\/posts\/44901","targetHints":{"allow":["GET"]}}],"collection":[{"href":"https:\/\/webagro.com.ar\/es\/wp-json\/wp\/v2\/posts"}],"about":[{"href":"https:\/\/webagro.com.ar\/es\/wp-json\/wp\/v2\/types\/post"}],"author":[{"embeddable":true,"href":"https:\/\/webagro.com.ar\/es\/wp-json\/wp\/v2\/users\/1"}],"replies":[{"embeddable":true,"href":"https:\/\/webagro.com.ar\/es\/wp-json\/wp\/v2\/comments?post=44901"}],"version-history":[{"count":14,"href":"https:\/\/webagro.com.ar\/es\/wp-json\/wp\/v2\/posts\/44901\/revisions"}],"predecessor-version":[{"id":48608,"href":"https:\/\/webagro.com.ar\/es\/wp-json\/wp\/v2\/posts\/44901\/revisions\/48608"}],"wp:featuredmedia":[{"embeddable":true,"href":"https:\/\/webagro.com.ar\/es\/wp-json\/wp\/v2\/media\/48607"}],"wp:attachment":[{"href":"https:\/\/webagro.com.ar\/es\/wp-json\/wp\/v2\/media?parent=44901"}],"wp:term":[{"taxonomy":"category","embeddable":true,"href":"https:\/\/webagro.com.ar\/es\/wp-json\/wp\/v2\/categories?post=44901"},{"taxonomy":"post_tag","embeddable":true,"href":"https:\/\/webagro.com.ar\/es\/wp-json\/wp\/v2\/tags?post=44901"}],"curies":[{"name":"wp","href":"https:\/\/api.w.org\/{rel}","templated":true}]}}