{"id":45125,"date":"2026-09-01T08:08:00","date_gmt":"2026-09-01T08:08:00","guid":{"rendered":"https:\/\/webagro.com.ar\/es\/?p=45125"},"modified":"2026-09-01T14:10:37","modified_gmt":"2026-09-01T14:10:37","slug":"mal-de-rio-cuarto-los-invito-a-no-relajarse-medir-y-medir-pero-con-protocolos","status":"publish","type":"post","link":"https:\/\/webagro.com.ar\/es\/noticias-de-interes-general\/mal-de-rio-cuarto-los-invito-a-no-relajarse-medir-y-medir-pero-con-protocolos\/","title":{"rendered":"Agenda inta Cordoba Setiembre"},"content":{"rendered":"<p>&nbsp;<\/p>\n<div dir=\"auto\">\n<div class=\"vc_row wpb_row vc_row-fluid page_margin_top\"><img loading=\"lazy\" decoding=\"async\" class=\"\" src=\"https:\/\/scontent.fros2-2.fna.fbcdn.net\/v\/t39.30808-6\/793158900_1055599033734978_2520337159303387554_n.jpg?stp=dst-jpg_tt6&amp;cstp=mx1080x1440&amp;ctp=s1080x1440&amp;_nc_cat=106&amp;ccb=1-7&amp;_nc_sid=127cfc&amp;_nc_ohc=vFhjoRQvxGoQ7kNvwEI7QPl&amp;_nc_oc=AdqxXMRb9DFQIaOvAVhRus4oacSnn5DvRpdUgFvopOyHq_UQrFKLU6641-8RWC_geDc&amp;_nc_zt=23&amp;_nc_ht=scontent.fros2-2.fna&amp;_nc_gid=aEyogPM_0J0M4Q1RqsQtiA&amp;_nc_ss=7f2a8&amp;oh=00_AQJu15DWKPHq4E6X4n9BWbzmUxe8TL_AbxAIw0lTBMtKbQ&amp;oe=6A9CB782\" alt=\"Puede ser una imagen de texto que dice &quot;SEPTIEMBRE 2026 AGENDA INTA C\u00f3rdoba Conoc\u00e9 el trabajo del INTA C\u00f3rdoba. Instituto Nacional de Tecnolog\u00eda Agropecuaria Argentina CR C\u00f3rdoba EEA Manfredi EEA Marcos Ju\u00e1rez&quot;\" width=\"635\" height=\"846\" \/><\/div>\n<\/div>\n<div><\/div>\n<div><img loading=\"lazy\" decoding=\"async\" class=\"\" src=\"https:\/\/scontent.fros2-1.fna.fbcdn.net\/v\/t39.30808-6\/788414394_1055598973734984_4611747131383974649_n.jpg?stp=dst-jpg_tt6&amp;cstp=mx1080x1440&amp;ctp=s1080x1440&amp;_nc_cat=102&amp;ccb=1-7&amp;_nc_sid=127cfc&amp;_nc_ohc=oebNe37xtFgQ7kNvwFCS0t5&amp;_nc_oc=AdoXmUs_YyroAoVb-In9rL1Fp2w8V-EUd6bcSF9bZKvtUVIWmYOEID81v1d61Ugkw6s&amp;_nc_zt=23&amp;_nc_ht=scontent.fros2-1.fna&amp;_nc_gid=h0sNclT5FhOb13czBNRmCg&amp;_nc_ss=7f2a8&amp;oh=00_AQKAcduX0gCHlTidRnOxfz_GrKy1THY230KHQ0RCx-rIiw&amp;oe=6A9CB524\" alt=\"Puede ser una imagen de texto que dice &quot;SEPTIEMBRE -.. 2026 INTA INTA Cordoba AG AGENDA . 03 (03 al 06) Sociedad Rural de Villa Mar\u00eda MECA 2026 Organizan:TodoAgro INTA AER Villa Mar\u00eda 09 14:00 h Villa Dolores CHARLA INFORMATIVA SOBRE ELABORACI\u00d3N ARTESANAL DE CHACINADOS Y EMBUTIDOS Organiza: INTA AER Villa Dolores (Actividad no arancelada) 12 09:30 h https:\/p.p..op.s.eR FIESTA DE LOS PRODUCTORES AGROPECUARIOS Organizan: INTA, CnAPC, .APLC, IPEA N\u00b0 IPEAN213y 213y Consorcio de Cuencas de R\u00edo Cuarto (Actividad no arancelada)&quot;\" width=\"641\" height=\"854\" \/><\/div>\n<div><\/div>\n<div><img loading=\"lazy\" decoding=\"async\" class=\"\" src=\"https:\/\/scontent.fros2-2.fna.fbcdn.net\/v\/t39.30808-6\/787718124_1055598963734985_403860509090516695_n.jpg?stp=dst-jpg_tt6&amp;cstp=mx1080x1440&amp;ctp=s1080x1440&amp;_nc_cat=110&amp;ccb=1-7&amp;_nc_sid=127cfc&amp;_nc_ohc=9ZaH8HXAdE4Q7kNvwH446PB&amp;_nc_oc=AdolyqkcQapD0ccNuGMvu2yHvRQGKMMGE3Xl1mzpq01aABVhAxjkkXkc4K8QSPPC58o&amp;_nc_zt=23&amp;_nc_ht=scontent.fros2-2.fna&amp;_nc_gid=eHuBVDxrZs5Zr3OMAyy9wA&amp;_nc_ss=7f2a8&amp;oh=00_AQIhG7_z79rhtQVcQT-manOQc1MMY56kGIo5sP6_OqNSxQ&amp;oe=6A9C9530\" alt=\"Puede ser una imagen de texto que dice &quot;SEPTIEMBRE ... 2026 \u00b7\u00b7 AGENDA INTA C\u00f3rdoba 16 (16 al 18) Villa Mar\u00eda 1 CONGRESO ARGENTINO DE PODOLOG\u00cdA BOVINA Organizan: Asociaci\u00f3n Argentina de Podolog\u00eda Bovina- INTA AER Villa Mar\u00eda FUNESIL (Actividad no arancelada) 17 08:30 h Sociedad Italiana\u00b7 Gral. Cabrera 41\u00b0 JORNADA NACIONAL DEL MANI Organizan: INTA AER General Cabrera General Cabrera y Zona (Actividad no arancelada) CIA 08:30 a 11:30 h\/ INTA Marcos Ju\u00e1rez JORNADA A CAMPO 'HUELLAS DE CAMO&quot; Organizador: INTA Marcos Ju\u00e1rez (Actividad no arancelada)&quot;\" width=\"648\" height=\"864\" \/><\/div>\n<div><\/div>\n<div><img loading=\"lazy\" decoding=\"async\" class=\"\" src=\"https:\/\/scontent.fros2-1.fna.fbcdn.net\/v\/t39.30808-6\/793158986_1055598930401655_3910204126786468548_n.jpg?stp=dst-jpg_tt6&amp;cstp=mx1080x1440&amp;ctp=s1080x1440&amp;_nc_cat=100&amp;ccb=1-7&amp;_nc_sid=127cfc&amp;_nc_ohc=BBcW9Y3h2A4Q7kNvwHawHQZ&amp;_nc_oc=AdoBN5iTR5n5tWXDgGtAWXwKp710ICh7BBvUaBZABI30QwGMuiHqRi9S-LXDYZxMG0A&amp;_nc_zt=23&amp;_nc_ht=scontent.fros2-1.fna&amp;_nc_gid=5pMwCwDs_LLINhlSHnH3qA&amp;_nc_ss=7f2a8&amp;oh=00_AQKMEcg42g4MX6I-T_lQXGgdzDqHwSc1T0BzXvMiwQsbHA&amp;oe=6A9CB51F\" alt=\"Puede ser una imagen de texto que dice &quot;SEPTIEMBRE ... 2026 AGE AGENDA INTA INTAC\u00f3rdaba C\u00f3rdaba \u00b7\u00b7 21 (21 al (21al25)\/ 25) 08:00 a 14:00 h Colonia Caroya- Los Reartes Villa Ciudad America Yacanto de Calamuchita TALLER DE MANEJO DEL DESBROTE EN VID Organiza: INTA AER Jes\u00fas Mar\u00eda Actividac no arancelada) 22 14:00 h \/ Las Rabonas TALLER SOBRE ELABORACI\u00d3N DE BIOFUNGICIDAS CON RECURSOS LOCALES Organiza: INTA AER Villa Dolores (Actividad no arancelada)&quot;\" width=\"653\" height=\"871\" \/><\/div>\n<div><\/div>\n<div><img loading=\"lazy\" decoding=\"async\" class=\"\" src=\"https:\/\/scontent.fros2-1.fna.fbcdn.net\/v\/t39.30808-6\/793203705_1055598970401651_6315906135907266014_n.jpg?stp=dst-jpg_tt6&amp;cstp=mx1080x1440&amp;ctp=s1080x1440&amp;_nc_cat=104&amp;ccb=1-7&amp;_nc_sid=127cfc&amp;_nc_ohc=nE80MpnjTtsQ7kNvwH-QwMM&amp;_nc_oc=Adpn276TYym6x0UUW4XShFt_OYPuQKlp2iHcL5kJSURhJXbB2kN_HxaogCqDqg8AzhY&amp;_nc_zt=23&amp;_nc_ht=scontent.fros2-1.fna&amp;_nc_gid=V-3XXT3oKvDgkBDBoZJWIA&amp;_nc_ss=7f2a8&amp;oh=00_AQIbOQOVw0QPNDJIFq82l9YcJkGnt5wh8eunOEU2PajibQ&amp;oe=6A9CB276\" alt=\"Puede ser una imagen de texto que dice &quot;INTA Instituto Nacionald de Tecnolog\u00eda Agropecuaria Argentina CR C\u00f3rdoba EEAManfredi EEA Manfredi EEA EEAMarcosJu\u00e1rez Marcos Ju\u00e1rez Agenda mensual de actividades de capacitaci\u00f3n de las Estaciones Experimentales Agropecuarias; INTA Manfredi, INTA Marcos Ju\u00e1rez y sus Agencias de Extensi\u00f3n Rural. (Agenda sujeta cambios). Septiembre de 2026, C\u00f3rdoba, Argentina \u00bfTe fue \u00fatil esta informaci\u00f3n? Guardar Compartir Comentar +Informaci\u00f3n inta.gob.ar f&quot;\" width=\"649\" height=\"865\" \/><\/div>\n<div><\/div>\n<div>Fuente: Inta Manfredi<\/div>\n","protected":false},"excerpt":{"rendered":"<p>&nbsp; Fuente: Inta Manfredi<\/p>\n","protected":false},"author":1,"featured_media":48094,"comment_status":"closed","ping_status":"closed","sticky":false,"template":"","format":"standard","meta":{"footnotes":""},"categories":[30],"tags":[],"class_list":["post-45125","post","type-post","status-publish","format-standard","has-post-thumbnail","hentry","category-noticias-de-interes-general"],"_links":{"self":[{"href":"https:\/\/webagro.com.ar\/es\/wp-json\/wp\/v2\/posts\/45125","targetHints":{"allow":["GET"]}}],"collection":[{"href":"https:\/\/webagro.com.ar\/es\/wp-json\/wp\/v2\/posts"}],"about":[{"href":"https:\/\/webagro.com.ar\/es\/wp-json\/wp\/v2\/types\/post"}],"author":[{"embeddable":true,"href":"https:\/\/webagro.com.ar\/es\/wp-json\/wp\/v2\/users\/1"}],"replies":[{"embeddable":true,"href":"https:\/\/webagro.com.ar\/es\/wp-json\/wp\/v2\/comments?post=45125"}],"version-history":[{"count":17,"href":"https:\/\/webagro.com.ar\/es\/wp-json\/wp\/v2\/posts\/45125\/revisions"}],"predecessor-version":[{"id":48657,"href":"https:\/\/webagro.com.ar\/es\/wp-json\/wp\/v2\/posts\/45125\/revisions\/48657"}],"wp:featuredmedia":[{"embeddable":true,"href":"https:\/\/webagro.com.ar\/es\/wp-json\/wp\/v2\/media\/48094"}],"wp:attachment":[{"href":"https:\/\/webagro.com.ar\/es\/wp-json\/wp\/v2\/media?parent=45125"}],"wp:term":[{"taxonomy":"category","embeddable":true,"href":"https:\/\/webagro.com.ar\/es\/wp-json\/wp\/v2\/categories?post=45125"},{"taxonomy":"post_tag","embeddable":true,"href":"https:\/\/webagro.com.ar\/es\/wp-json\/wp\/v2\/tags?post=45125"}],"curies":[{"name":"wp","href":"https:\/\/api.w.org\/{rel}","templated":true}]}}