{"id":47117,"date":"2026-04-29T12:47:14","date_gmt":"2026-04-29T12:47:14","guid":{"rendered":"https:\/\/webagro.com.ar\/es\/?p=47117"},"modified":"2026-04-29T13:49:58","modified_gmt":"2026-04-29T13:49:58","slug":"marzo-agenda-inta-cordoba","status":"publish","type":"post","link":"https:\/\/webagro.com.ar\/es\/noticias-de-interes-general\/marzo-agenda-inta-cordoba\/","title":{"rendered":"\u00a1ATENTOS INTERESADOS!"},"content":{"rendered":"<p>&nbsp;<\/p>\n<p><img loading=\"lazy\" decoding=\"async\" class=\"\" src=\"https:\/\/scontent.fros2-2.fna.fbcdn.net\/v\/t51.82787-15\/682708377_18448775416117081_1046453008518728251_n.jpg?_nc_cat=110&amp;ccb=1-7&amp;_nc_sid=13d280&amp;_nc_ohc=BiezCue9VcgQ7kNvwHVSYum&amp;_nc_oc=AdpaHwJ8JodfRYHG8aIFiiY9E9kdK__Q2qc1gbgtZUmWhyYchhWKpmhCwNVGqtQx0lM&amp;_nc_zt=23&amp;_nc_ht=scontent.fros2-2.fna&amp;_nc_gid=MYgWKRWk9Iusg7N1tM7QCQ&amp;_nc_ss=7f2a8&amp;oh=00_Af02kCgs99LrDMV3wI0anuQX5E8zYKAPX3Ak_urxCdndZg&amp;oe=69F7EA15\" alt=\"Puede ser una imagen de texto que dice &quot;72 EXPO OTONO SOCIEDAR PURE RIO BRC CUARTO INVITA: LA CESIRA CAPRINOS \u101e\u103a\u103a RERVIANG DAG RURAL DcAano PO 10\u00b0 JORNADA OVINA &quot;ACTUALIZACI\u00d3N EN PRODUCCI\u00d3N OVINA&quot; Capacitaci\u00f3n, innovaci\u00f3n y producci\u00f3n ovina Viernes 29\/05 Predio SRRC \u130e\u12e8\u1295\u1228\u1295\u1361 \u12e8\u1295\u1295\u1295\u1235\u1361\u1276 UNAC M INTA&quot;\" width=\"694\" height=\"867\" \/><\/p>\n<p><img loading=\"lazy\" decoding=\"async\" class=\"\" src=\"https:\/\/scontent.fros2-2.fna.fbcdn.net\/v\/t51.82787-15\/681220587_18448775407117081_7426927724574788957_n.jpg?_nc_cat=110&amp;ccb=1-7&amp;_nc_sid=13d280&amp;_nc_ohc=9QmqnRA_ZWcQ7kNvwHxN7hh&amp;_nc_oc=AdozXfHQkOMzOl1mmG3gOdn26s6qgfgIgR5Y_8HI0eN-8Ju-TIhJjEd9LXOjwLdzOxk&amp;_nc_zt=23&amp;_nc_ht=scontent.fros2-2.fna&amp;_nc_gid=DtnTBok_V0qsBwIS5ZGcUg&amp;_nc_ss=7f2a8&amp;oh=00_Af1VoizO_Py-VGEeF2qzSqQLW10iOEJi_KC3_iYK5y9hJA&amp;oe=69F7DF0D\" alt=\"Puede ser una imagen de texto que dice &quot;72 EXPO OTONO CIEDAD PURE R1O BRC CUARTO INVITA: LA CESIRA CAPRINOS \u1000\u1014\u103a\u103a BEOWIDAB DAD RU\/RAL 0\u17910 POD CRONOGRAMA VIERNES 29\/05 8:15 a 8:45 hs. Acreditaciones 8:45 a 9:00 hs. Inauguraci\u00f3n 9:00 a 9:30 hs. &quot;Producci\u00f3n de carne y lana&quot; lng. Agr. N\u00e9stor Franz INTA 9:40 a 10:10 hs. &quot;Ganader\u00eda regenerativa&quot; Med. Vet. Victoria Nievas| UNRC En Sal\u00f3n Papa Francisco&quot;\" width=\"702\" height=\"877\" \/><\/p>\n<p><img loading=\"lazy\" decoding=\"async\" class=\"\" src=\"https:\/\/scontent.fros2-2.fna.fbcdn.net\/v\/t51.82787-15\/681807261_18448775425117081_3078970377906521964_n.jpg?_nc_cat=103&amp;ccb=1-7&amp;_nc_sid=13d280&amp;_nc_ohc=L_yOjYQq5LEQ7kNvwH1MEis&amp;_nc_oc=Adq4I4pV-62EDU2g5vToUm_bCbA9fhOrZWP_L6PfcY2_ElChlH_qoeONaNjAgBR73JM&amp;_nc_zt=23&amp;_nc_ht=scontent.fros2-2.fna&amp;_nc_gid=m0CM3-0RBCekpBhu4cdI_w&amp;_nc_ss=7f2a8&amp;oh=00_Af0LdAOP0jvzsRca2JPqAeb9ukEmQAZKqyWop-aPrs29Fw&amp;oe=69F7ECF7\" alt=\"Puede ser una imagen de texto que dice &quot;72\u00b0 SPCIEDAD BURK EXPO OTO\u00d1O RIO CUARTO INVITA: LA CESIRA CAPRINOS \u1000\u103a BONDAR RURAL DCUAD \u12e8\u1218\u1246\u12c8 VIERNES 29\/05 10:45 a 11:15 hs. &quot;Diagn\u00f3stico y tratamientos antiparasitarios en ovinos&quot; Med. Vet J.J. Gioffredo UNRC 11:20 a 11:50 hs. &quot;Introducci\u00f3n a la digitalizaci\u00f3n en la ganader\u00eda&quot; Med. Vet. Raimundo Pe\u00f1afort 12:00 a 12:30 hs. Presentaci\u00f3n de nuevas razas Vet Jose Luis Roberi UNLPAM lng. Agr. Mauricio Groppo| Caba\u00f1a La Sultana En Sal\u00f3n Papa Francisco&quot;\" width=\"707\" height=\"884\" \/><\/p>\n<p><img loading=\"lazy\" decoding=\"async\" class=\"\" src=\"https:\/\/scontent.fros2-1.fna.fbcdn.net\/v\/t51.82787-15\/681312857_18448775434117081_3847782082846300093_n.jpg?_nc_cat=100&amp;ccb=1-7&amp;_nc_sid=13d280&amp;_nc_ohc=04vMRPpwaFcQ7kNvwEJc3Kq&amp;_nc_oc=AdqWrg4GQhcIXixOUjWlQqcNEXPz5eTEN8fhO-G1AtFntzRA1zZ0nOhWcyonoAm3Elk&amp;_nc_zt=23&amp;_nc_ht=scontent.fros2-1.fna&amp;_nc_gid=JVG_9grVGW5byrS5Zjef6Q&amp;_nc_ss=7f2a8&amp;oh=00_Af2iKtCoDqNur1ijmu2ETsvBQuhbh0DC60_qOdbRORSWBQ&amp;oe=69F7E179\" alt=\"Puede ser una imagen de texto que dice &quot;72 EXPO OTO\u00d1O BOCTEPP BURK RI0 BRC CUARTO CAPRINOS \u1000\u103a \u1295 INVITA: LA CESIRA EDAD RU\/RAL VIERNES 29\/05 13:40 a 14:30hs. Actividad pr\u00e1ctica sobre nuevas razas En Pista Central Ra\u00fal Moyetta 14:30 a 15:00hs. Presentaci\u00f3n de escuelas agrot\u00e9cnicas En Sal\u00f3n Pa Francisco 15:00 hs. Premiaci\u00f3n de Ovinpiada Regional En Sal\u00f3n Papa Francisco&quot;\" width=\"717\" height=\"896\" \/><\/p>\n<p><strong>Fuente: Inta Marcos Juarez<\/strong><\/p>\n","protected":false},"excerpt":{"rendered":"<p>&nbsp; Fuente: Inta Marcos Juarez<\/p>\n","protected":false},"author":1,"featured_media":47578,"comment_status":"closed","ping_status":"closed","sticky":false,"template":"","format":"standard","meta":{"footnotes":""},"categories":[30],"tags":[],"class_list":["post-47117","post","type-post","status-publish","format-standard","has-post-thumbnail","hentry","category-noticias-de-interes-general"],"_links":{"self":[{"href":"https:\/\/webagro.com.ar\/es\/wp-json\/wp\/v2\/posts\/47117","targetHints":{"allow":["GET"]}}],"collection":[{"href":"https:\/\/webagro.com.ar\/es\/wp-json\/wp\/v2\/posts"}],"about":[{"href":"https:\/\/webagro.com.ar\/es\/wp-json\/wp\/v2\/types\/post"}],"author":[{"embeddable":true,"href":"https:\/\/webagro.com.ar\/es\/wp-json\/wp\/v2\/users\/1"}],"replies":[{"embeddable":true,"href":"https:\/\/webagro.com.ar\/es\/wp-json\/wp\/v2\/comments?post=47117"}],"version-history":[{"count":8,"href":"https:\/\/webagro.com.ar\/es\/wp-json\/wp\/v2\/posts\/47117\/revisions"}],"predecessor-version":[{"id":47579,"href":"https:\/\/webagro.com.ar\/es\/wp-json\/wp\/v2\/posts\/47117\/revisions\/47579"}],"wp:featuredmedia":[{"embeddable":true,"href":"https:\/\/webagro.com.ar\/es\/wp-json\/wp\/v2\/media\/47578"}],"wp:attachment":[{"href":"https:\/\/webagro.com.ar\/es\/wp-json\/wp\/v2\/media?parent=47117"}],"wp:term":[{"taxonomy":"category","embeddable":true,"href":"https:\/\/webagro.com.ar\/es\/wp-json\/wp\/v2\/categories?post=47117"},{"taxonomy":"post_tag","embeddable":true,"href":"https:\/\/webagro.com.ar\/es\/wp-json\/wp\/v2\/tags?post=47117"}],"curies":[{"name":"wp","href":"https:\/\/api.w.org\/{rel}","templated":true}]}}