{"id":48664,"date":"2026-09-01T14:11:11","date_gmt":"2026-09-01T14:11:11","guid":{"rendered":"https:\/\/webagro.com.ar\/es\/?p=48664"},"modified":"2026-09-01T21:21:50","modified_gmt":"2026-09-01T21:21:50","slug":"expo-ganadera-del-centro-vuelve-en-septiembre-a-cordoba-con-una-apuesta-de-precision","status":"publish","type":"post","link":"https:\/\/webagro.com.ar\/es\/agenda\/expo-ganadera-del-centro-vuelve-en-septiembre-a-cordoba-con-una-apuesta-de-precision\/","title":{"rendered":"Expo Ganadera del Centro vuelve en septiembre a C\u00f3rdoba con una apuesta de \u201cprecisi\u00f3n\u201d"},"content":{"rendered":"<p>&nbsp;<\/p>\n<p>La segunda edici\u00f3n se realizar\u00e1 el 17 y 18 de septiembre en el Centro de Convenciones C\u00f3rdoba, con dos jornadas de negocios, conocimiento, innovaci\u00f3n, tecnolog\u00eda y vinculaci\u00f3n para el sector.<\/p>\n<p>&nbsp;<\/p>\n<p><img loading=\"lazy\" decoding=\"async\" class=\"\" src=\"https:\/\/images-tools.cadena3.com\/tools\/r\/eded3b10-8011-46c4-9231-68084cd8d163.jpg?width=1200&amp;height=727\" alt=\"Se realizar\u00e1 los d\u00edas 17 y 18 de septiembre\" width=\"634\" height=\"384\" \/><\/p>\n<p>El Centro de Convenciones C\u00f3rdoba ser\u00e1 nuevamente sede de la\u00a0<b>Expo Ganadera del Centro, los pr\u00f3ximos d\u00edas 17<\/b><b>\u00a0y 18 de septiembre<\/b>. Es el encuentro que re\u00fane a productores, empresarios, instituciones, especialistas y referentes de toda la cadena de valor de la\u00a0<a href=\"https:\/\/www.cadena3.com\/pagina\/tag\/ganaderia\" target=\"_blank\" rel=\"noopener\">ganader\u00eda<\/a>.<\/p>\n<p>Luego de\u00a0<b>una primera edici\u00f3n que convoc\u00f3 a m\u00e1s de 3.000 asistentes, 45 empresas expositoras y referentes de distintos puntos del pa\u00eds,<\/b>\u00a0la Expo regresa en 2026 con una propuesta ampliada y una fuerte incorporaci\u00f3n de tecnolog\u00eda, bajo el concepto\u00a0\u201cTransformando la ganader\u00eda convencional en ganaderIA de precisi\u00f3n\u201d.<\/p>\n<p><img loading=\"lazy\" decoding=\"async\" class=\"\" src=\"https:\/\/images-tools.cadena3.com\/tools\/r\/52bd3886-ab79-49d8-a44b-b784bcc00e8d.jpg?width=1200&amp;height=797\" width=\"621\" height=\"413\" \/><\/p>\n<p>Durante dos jornadas, el evento combinar\u00e1 negocios, capacitaci\u00f3n, innovaci\u00f3n, remates, gen\u00e9tica, tecnolog\u00eda y vinculaci\u00f3n institucional nacional e internacional, con actividades distribuidas en diferentes espacios del predio.<\/p>\n<h2>Conocimiento para los desaf\u00edos de la ganader\u00eda<\/h2>\n<p>El Auditorio Principal contar\u00e1 con una agenda de especialistas y referentes para abordar los principales desaf\u00edos productivos, econ\u00f3micos y tecnol\u00f3gicos que atraviesa el sector.<\/p>\n<p><b>Entre los disertantes confirmados se encuentran Gustavo Lazzari, y Salvador Di St\u00e9fano.<\/b><\/p>\n<p>La edici\u00f3n contar\u00e1 adem\u00e1s con la participaci\u00f3n del disertante internacional Osler Desouzart, CEO de OD Consulting, quien posee una destacada trayectoria en planificaci\u00f3n, estrategia y comercializaci\u00f3n de carnes. A lo largo de su carrera ha trabajado y asesorado en diferentes mercados de Am\u00e9rica, Europa, \u00c1frica y Asia, y ha brindado m\u00e1s de 300 conferencias alrededor del mundo.<\/p>\n<p>La tecnolog\u00eda tendr\u00e1 un lugar destacado en toda la propuesta, con herramientas y desarrollos vinculados a la Inteligencia Artificial y la ganader\u00eda de precisi\u00f3n, orientados a mejorar la eficiencia y la toma de decisiones.<\/p>\n<p><img loading=\"lazy\" decoding=\"async\" class=\"\" src=\"https:\/\/images-tools.cadena3.com\/tools\/r\/a2b4e453-0826-4101-aefa-db38ede57712.jpg?width=1200&amp;height=718\" width=\"733\" height=\"439\" \/><\/p>\n<h2>Empresas, negocios y vinculaci\u00f3n<\/h2>\n<p>El sal\u00f3n de exposiciones reunir\u00e1 a empresas vinculadas a distintos segmentos de la cadena ganadera, que presentar\u00e1n productos, servicios, tecnolog\u00eda, equipamiento y soluciones para el sector.<\/p>\n<p>La Expo busca consolidarse no solo como una exposici\u00f3n, sino como un punto de encuentro para generar negocios y v\u00ednculos estrat\u00e9gicos. Por este motivo, la edici\u00f3n 2026 contar\u00e1 tambi\u00e9n con espacios espec\u00edficos de networking y una Ronda de Negocios destinada a conectar empresas y generar nuevas oportunidades comerciales.<\/p>\n<p>A esto se suma la Sala Argentina Global, que pondr\u00e1 el foco en la proyecci\u00f3n internacional de la cadena. All\u00ed tendr\u00e1 lugar MIMA (Mesa Internacional de Mujeres del Agro), un espacio creado por la Expo Ganadera del Centro que re\u00fane a mujeres l\u00edderes de toda la cadena ganadera del Mercosur para compartir experiencias, generar redes de valor y construir nuevas oportunidades de colaboraci\u00f3n.<\/p>\n<p><b>Remates, razas y una propuesta que se extiende al exterior<\/b><\/p>\n<p>La actividad ganadera volver\u00e1 a ocupar un lugar protagonista. Durante ambas jornadas se realizar\u00e1n remates, con la participaci\u00f3n de firmas consignatarias y transmisi\u00f3n a trav\u00e9s de diferentes plataformas.<\/p>\n<p>Tambi\u00e9n estar\u00e1n representadas algunas de las principales razas bovinas, entre ellas Angus, Brangus, Braford, Hereford, Limangus y Limousin.<\/p>\n<p>En el sector exterior, los macrolotes permitir\u00e1n conocer maquinaria, equipamiento y soluciones vinculadas directamente con el trabajo y la producci\u00f3n ganadera.<\/p>\n<h2><b>Una Expo con proyecci\u00f3n nacional e internacional<\/b><\/h2>\n<p>La edici\u00f3n 2026 contar\u00e1 con la participaci\u00f3n y el acompa\u00f1amiento de instituciones, c\u00e1maras empresarias, entidades acad\u00e9micas y organizaciones vinculadas al agro, adem\u00e1s de referentes nacionales e internacionales.<\/p>\n<p>La propuesta internacional tendr\u00e1 nuevamente un papel relevante, generando espacios de intercambio destinados a vincular la producci\u00f3n argentina con nuevos mercados y oportunidades.<\/p>\n<p>A su vez, la agenda se complementar\u00e1 con diferentes experiencias y actividades especiales, entre ellas propuestas gastron\u00f3micas vinculadas a la carne argentina.<\/p>\n<h2>Entradas disponibles<\/h2>\n<p>Las entradas para la Expo Ganadera del Centro 2026, que se realizar\u00e1 los d\u00edas jueves 17 y viernes 18 de septiembre en el Centro de Convenciones C\u00f3rdoba, ya se encuentran disponibles a trav\u00e9s de PaseShow y del\u00a0<a href=\"https:\/\/expoganaderacba.com.ar\/\" target=\"_blank\" rel=\"noopener\">sitio oficial de la Expo<\/a>.<\/p>\n<p><strong>Fuente: El campo hoy<\/strong><\/p>\n","protected":false},"excerpt":{"rendered":"<p>&nbsp; La segunda edici\u00f3n se realizar\u00e1 el 17 y 18 de septiembre en el Centro de Convenciones C\u00f3rdoba, con dos jornadas de negocios, conocimiento, innovaci\u00f3n, tecnolog\u00eda y vinculaci\u00f3n para el sector. &nbsp; El Centro de Convenciones C\u00f3rdoba ser\u00e1 nuevamente sede de la\u00a0Expo Ganadera del Centro, los pr\u00f3ximos d\u00edas 17\u00a0y 18 de septiembre. Es el encuentro que re\u00fane a productores, empresarios, instituciones, especialistas y referentes de toda la cadena de valor de la\u00a0ganader\u00eda. Luego de\u00a0una primera&#8230;<\/p>\n","protected":false},"author":1,"featured_media":46691,"comment_status":"closed","ping_status":"closed","sticky":false,"template":"","format":"standard","meta":{"footnotes":""},"categories":[11],"tags":[],"class_list":["post-48664","post","type-post","status-publish","format-standard","has-post-thumbnail","hentry","category-agenda"],"_links":{"self":[{"href":"https:\/\/webagro.com.ar\/es\/wp-json\/wp\/v2\/posts\/48664","targetHints":{"allow":["GET"]}}],"collection":[{"href":"https:\/\/webagro.com.ar\/es\/wp-json\/wp\/v2\/posts"}],"about":[{"href":"https:\/\/webagro.com.ar\/es\/wp-json\/wp\/v2\/types\/post"}],"author":[{"embeddable":true,"href":"https:\/\/webagro.com.ar\/es\/wp-json\/wp\/v2\/users\/1"}],"replies":[{"embeddable":true,"href":"https:\/\/webagro.com.ar\/es\/wp-json\/wp\/v2\/comments?post=48664"}],"version-history":[{"count":2,"href":"https:\/\/webagro.com.ar\/es\/wp-json\/wp\/v2\/posts\/48664\/revisions"}],"predecessor-version":[{"id":48666,"href":"https:\/\/webagro.com.ar\/es\/wp-json\/wp\/v2\/posts\/48664\/revisions\/48666"}],"wp:featuredmedia":[{"embeddable":true,"href":"https:\/\/webagro.com.ar\/es\/wp-json\/wp\/v2\/media\/46691"}],"wp:attachment":[{"href":"https:\/\/webagro.com.ar\/es\/wp-json\/wp\/v2\/media?parent=48664"}],"wp:term":[{"taxonomy":"category","embeddable":true,"href":"https:\/\/webagro.com.ar\/es\/wp-json\/wp\/v2\/categories?post=48664"},{"taxonomy":"post_tag","embeddable":true,"href":"https:\/\/webagro.com.ar\/es\/wp-json\/wp\/v2\/tags?post=48664"}],"curies":[{"name":"wp","href":"https:\/\/api.w.org\/{rel}","templated":true}]}}