{"id":48676,"date":"2026-09-02T15:46:18","date_gmt":"2026-09-02T15:46:18","guid":{"rendered":"https:\/\/webagro.com.ar\/es\/?p=48676"},"modified":"2026-09-02T20:50:42","modified_gmt":"2026-09-02T20:50:42","slug":"francia-pierde-35-de-su-cosecha-de-maiz-y-europa-tambien-recorta-sus-previsiones","status":"publish","type":"post","link":"https:\/\/webagro.com.ar\/es\/agricultura\/francia-pierde-35-de-su-cosecha-de-maiz-y-europa-tambien-recorta-sus-previsiones\/","title":{"rendered":"Francia pierde 35% de su cosecha de ma\u00edz y Europa tambi\u00e9n recorta sus previsiones"},"content":{"rendered":"<p>&nbsp;<\/p>\n<p><strong><em>Por sequ\u00eda y altas temperaturas, la producci\u00f3n gala caer\u00eda a 9 mill\/tn, el menor volumen desde 1980\u00a0 \u00bfQu\u00e9 significa para el mercado?<\/em><\/strong><span id=\"more-106093\"><\/span><\/p>\n<p><strong>(NAP)<\/strong>\u00a0Francia enfrenta un fuerte recorte en la producci\u00f3n de ma\u00edz como consecuencia de la combinaci\u00f3n de sequ\u00eda, d\u00e9ficit h\u00eddrico y temperaturas excepcionalmente elevadas durante el verano.<\/p>\n<p>La estimaci\u00f3n oficial ubica la cosecha 2026 en 9 millones de toneladas, incluyendo ma\u00edz para semilla, lo que representa una ca\u00edda de 35% interanual y llevar\u00eda la producci\u00f3n a su nivel m\u00e1s bajo desde, al menos, 1980.<\/p>\n<p><strong>El deterioro no se limita a Francia.<\/strong>\u00a0El monitoreo del Centro Com\u00fan de Investigaci\u00f3n (JRC) de la Uni\u00f3n Europea tambi\u00e9n recort\u00f3 sus previsiones para los cultivos de verano, con el ma\u00edz entre los m\u00e1s afectados.<\/p>\n<p><strong>En algunas de las principales regiones productoras del continente, los rendimientos proyectados quedaron muy por debajo del promedio de los \u00faltimos 5 a\u00f1os.<\/strong><\/p>\n<p>Las agencias europeas apuntaron que la situaci\u00f3n es especialmente complicada en Francia,<strong>\u00a0Alemania, el norte de Italia, Austria, Rep\u00fablica Checa, Eslovaquia y Hungr\u00eda,<\/strong>\u00a0donde el d\u00e9ficit de agua y las altas temperaturas afectaron el desarrollo de los cultivos.<\/p>\n<p>Las primeras previsiones para la campa\u00f1a hab\u00edan sido m\u00e1s favorables, pero la persistencia de las condiciones secas y c\u00e1lidas oblig\u00f3 a corregirlas.<\/p>\n<p>El JRC advirti\u00f3 a fines de agosto que las condiciones meteorol\u00f3gicas hab\u00edan empeorado de manera significativa para los cultivos de verano y que las previsiones de rendimiento del ma\u00edz grano en la UE llegaron a ubicarse hasta 14% por debajo del promedio de los \u00faltimos cinco a\u00f1os.<\/p>\n<p>En Francia, adem\u00e1s, algunas estimaciones privadas llegaron a plantear un escenario todav\u00eda m\u00e1s severo, con una cosecha inferior a los 7 millones de toneladas, lo que supondr\u00eda una ca\u00edda cercana al 50% y el peor resultado en d\u00e9cadas.<\/p>\n<p>El problema no es solamente productivo. La menor disponibilidad de ma\u00edz tambi\u00e9n puede alterar el balance de alimentaci\u00f3n animal europeo, aumentando la presi\u00f3n sobre otros cereales como el trigo.<\/p>\n<p><strong>Repercusi\u00f3n en el mercado<\/strong><\/p>\n<p>La p\u00e9rdida de producci\u00f3n europea<strong>\u00a0no es s\u00f3lo un problema regional.<\/strong>\u00a0El deterioro de la cosecha est\u00e1 modificando el balance comercial del bloque y puede aumentar su presencia como comprador en el mercado internacional.<\/p>\n<p class=\"isSelectedEnd\">El Usda ya elev\u00f3 su previsi\u00f3n de importaciones de ma\u00edz de la Uni\u00f3n Europea para la campa\u00f1a 2026\/27 a\u00a0<strong>22,1 millones de toneladas<\/strong>, frente a las 19,5 Mt estimadas un mes antes y las 18,5 Mt de la campa\u00f1a anterior. Si se concreta, implicar\u00eda un incremento de 3,6 millones de toneladas en las necesidades de importaci\u00f3n respecto del ciclo previo.<\/p>\n<p class=\"isSelectedEnd\">Al mismo tiempo, la Comisi\u00f3n Europea redujo su estimaci\u00f3n de producci\u00f3n de ma\u00edz de la UE a\u00a0<strong>51,9 millones de toneladas<\/strong>, el nivel m\u00e1s bajo desde 2007. Y algunas consultoras privadas ya manejan un escenario inferior a los 50 millones de toneladas.<\/p>\n<p class=\"isSelectedEnd\">Ese desbalance puede generar una\u00a0<strong>mayor competencia de los compradores europeos por el ma\u00edz disponible en el mercado internacional<\/strong>, especialmente si las p\u00e9rdidas productivas contin\u00faan profundiz\u00e1ndose. De hecho, el deterioro de las perspectivas europeas ya comenz\u00f3 a reflejarse en las cotizaciones: los mercados de ma\u00edz europeos encontraron sost\u00e9n con el avance de la sequ\u00eda, mientras las estimaciones de producci\u00f3n ca\u00edan y las de importaci\u00f3n aumentaban.<\/p>\n<p>Para el mercado mundial, por lo tanto, el punto clave no es solamente cu\u00e1nto ma\u00edz perder\u00e1 Francia, sino\u00a0<strong>cu\u00e1nto ma\u00edz adicional deber\u00e1 comprar Europa afuera de sus fronteras<\/strong>. Ese cambio puede aportar un nuevo sost\u00e9n a las cotizaciones internacionales, aunque su magnitud depender\u00e1 tambi\u00e9n de la cosecha de Estados Unidos, Brasil, Ucrania y China.<\/p>\n<p><strong>Para Argentina<\/strong>, el escenario resulta particularmente interesante porque el pa\u00eds se mantiene entre los principales exportadores mundiales de ma\u00edz. Sin embargo,\u00a0<strong>la oportunidad no es autom\u00e1tica: deber\u00e1 competir con Brasil, Ucrania y otros proveedores por un mercado europeo que tambi\u00e9n estar\u00e1 condicionado por precios, fletes, calidad y disponibilidad.<\/strong><\/p>\n<p>En este escenario,\u00a0<strong>Argentina en particular y el Mercosur en general se ver\u00e1n beneficiados por el acuerdo con la UE, ya que incorpora progresivamente un contingente arancelario para ma\u00edz y sorgo, con arancel 0% dentro del cupo, que aumenta durante los pr\u00f3ximos a\u00f1os.<\/strong><\/p>\n<p><strong>Fuente: (Noticias AgroPecuarias)<\/strong><\/p>\n<p>&nbsp;<\/p>\n<p>&nbsp;<\/p>\n","protected":false},"excerpt":{"rendered":"<p>&nbsp; Por sequ\u00eda y altas temperaturas, la producci\u00f3n gala caer\u00eda a 9 mill\/tn, el menor volumen desde 1980\u00a0 \u00bfQu\u00e9 significa para el mercado? (NAP)\u00a0Francia enfrenta un fuerte recorte en la producci\u00f3n de ma\u00edz como consecuencia de la combinaci\u00f3n de sequ\u00eda, d\u00e9ficit h\u00eddrico y temperaturas excepcionalmente elevadas durante el verano. La estimaci\u00f3n oficial ubica la cosecha 2026 en 9 millones de toneladas, incluyendo ma\u00edz para semilla, lo que representa una ca\u00edda de 35% interanual y llevar\u00eda&#8230;<\/p>\n","protected":false},"author":1,"featured_media":47361,"comment_status":"closed","ping_status":"closed","sticky":false,"template":"","format":"standard","meta":{"footnotes":""},"categories":[3],"tags":[],"class_list":["post-48676","post","type-post","status-publish","format-standard","has-post-thumbnail","hentry","category-agricultura"],"_links":{"self":[{"href":"https:\/\/webagro.com.ar\/es\/wp-json\/wp\/v2\/posts\/48676","targetHints":{"allow":["GET"]}}],"collection":[{"href":"https:\/\/webagro.com.ar\/es\/wp-json\/wp\/v2\/posts"}],"about":[{"href":"https:\/\/webagro.com.ar\/es\/wp-json\/wp\/v2\/types\/post"}],"author":[{"embeddable":true,"href":"https:\/\/webagro.com.ar\/es\/wp-json\/wp\/v2\/users\/1"}],"replies":[{"embeddable":true,"href":"https:\/\/webagro.com.ar\/es\/wp-json\/wp\/v2\/comments?post=48676"}],"version-history":[{"count":1,"href":"https:\/\/webagro.com.ar\/es\/wp-json\/wp\/v2\/posts\/48676\/revisions"}],"predecessor-version":[{"id":48677,"href":"https:\/\/webagro.com.ar\/es\/wp-json\/wp\/v2\/posts\/48676\/revisions\/48677"}],"wp:featuredmedia":[{"embeddable":true,"href":"https:\/\/webagro.com.ar\/es\/wp-json\/wp\/v2\/media\/47361"}],"wp:attachment":[{"href":"https:\/\/webagro.com.ar\/es\/wp-json\/wp\/v2\/media?parent=48676"}],"wp:term":[{"taxonomy":"category","embeddable":true,"href":"https:\/\/webagro.com.ar\/es\/wp-json\/wp\/v2\/categories?post=48676"},{"taxonomy":"post_tag","embeddable":true,"href":"https:\/\/webagro.com.ar\/es\/wp-json\/wp\/v2\/tags?post=48676"}],"curies":[{"name":"wp","href":"https:\/\/api.w.org\/{rel}","templated":true}]}}