{"id":48686,"date":"2026-09-03T12:09:13","date_gmt":"2026-09-03T12:09:13","guid":{"rendered":"https:\/\/webagro.com.ar\/es\/?p=48686"},"modified":"2026-09-03T20:12:48","modified_gmt":"2026-09-03T20:12:48","slug":"se-viene-el-nino-escenario-agrometeorologico-2026-2027-natalia-gattinoni-inta-cirn","status":"publish","type":"post","link":"https:\/\/webagro.com.ar\/es\/agenda\/se-viene-el-nino-escenario-agrometeorologico-2026-2027-natalia-gattinoni-inta-cirn\/","title":{"rendered":"Se viene el ni\u00f1o: escenario agrometeorol\u00f3gico 2026\/2027 | Natalia Gattinoni (INTA CIRN)"},"content":{"rendered":"<p>&nbsp;<\/p>\n<p>Disertaci\u00f3n de Natalia Gattinoni, del Instituto de Clima y Agua del INTA, en la jornada organizada junto al Municipio de General Viamonte, en la sede de la Asociaci\u00f3n Rural en Los Toldos.<\/p>\n<p>Durante la charla, la meteor\u00f3loga explic\u00f3 el fen\u00f3meno del Ni\u00f1o, las implicancias agroclim\u00e1ticas y los pron\u00f3sticos de mediano plazo.<\/p>\n<p>&nbsp;<\/p>\n<p><iframe loading=\"lazy\" title=\"Se viene el ni\u00f1o: escenario agrometeorol\u00f3gico 2026\/2027 | Natalia Gattinoni (INTA CIRN)\" width=\"640\" height=\"360\" src=\"https:\/\/www.youtube.com\/embed\/bDBYlhPC8P4?start=2&amp;feature=oembed\" frameborder=\"0\" allow=\"accelerometer; autoplay; clipboard-write; encrypted-media; gyroscope; picture-in-picture; web-share\" referrerpolicy=\"strict-origin-when-cross-origin\" allowfullscreen><\/iframe><\/p>\n<p>Fuente: INTA Pergamino<\/p>\n","protected":false},"excerpt":{"rendered":"<p>&nbsp; Disertaci\u00f3n de Natalia Gattinoni, del Instituto de Clima y Agua del INTA, en la jornada organizada junto al Municipio de General Viamonte, en la sede de la Asociaci\u00f3n Rural en Los Toldos. Durante la charla, la meteor\u00f3loga explic\u00f3 el fen\u00f3meno del Ni\u00f1o, las implicancias agroclim\u00e1ticas y los pron\u00f3sticos de mediano plazo. &nbsp; Fuente: INTA Pergamino<\/p>\n","protected":false},"author":1,"featured_media":45897,"comment_status":"closed","ping_status":"closed","sticky":false,"template":"","format":"standard","meta":{"footnotes":""},"categories":[11],"tags":[],"class_list":["post-48686","post","type-post","status-publish","format-standard","has-post-thumbnail","hentry","category-agenda"],"_links":{"self":[{"href":"https:\/\/webagro.com.ar\/es\/wp-json\/wp\/v2\/posts\/48686","targetHints":{"allow":["GET"]}}],"collection":[{"href":"https:\/\/webagro.com.ar\/es\/wp-json\/wp\/v2\/posts"}],"about":[{"href":"https:\/\/webagro.com.ar\/es\/wp-json\/wp\/v2\/types\/post"}],"author":[{"embeddable":true,"href":"https:\/\/webagro.com.ar\/es\/wp-json\/wp\/v2\/users\/1"}],"replies":[{"embeddable":true,"href":"https:\/\/webagro.com.ar\/es\/wp-json\/wp\/v2\/comments?post=48686"}],"version-history":[{"count":1,"href":"https:\/\/webagro.com.ar\/es\/wp-json\/wp\/v2\/posts\/48686\/revisions"}],"predecessor-version":[{"id":48687,"href":"https:\/\/webagro.com.ar\/es\/wp-json\/wp\/v2\/posts\/48686\/revisions\/48687"}],"wp:featuredmedia":[{"embeddable":true,"href":"https:\/\/webagro.com.ar\/es\/wp-json\/wp\/v2\/media\/45897"}],"wp:attachment":[{"href":"https:\/\/webagro.com.ar\/es\/wp-json\/wp\/v2\/media?parent=48686"}],"wp:term":[{"taxonomy":"category","embeddable":true,"href":"https:\/\/webagro.com.ar\/es\/wp-json\/wp\/v2\/categories?post=48686"},{"taxonomy":"post_tag","embeddable":true,"href":"https:\/\/webagro.com.ar\/es\/wp-json\/wp\/v2\/tags?post=48686"}],"curies":[{"name":"wp","href":"https:\/\/api.w.org\/{rel}","templated":true}]}}