{"id":48721,"date":"2026-09-04T01:16:33","date_gmt":"2026-09-04T01:16:33","guid":{"rendered":"https:\/\/webagro.com.ar\/es\/?p=48721"},"modified":"2026-09-04T21:23:33","modified_gmt":"2026-09-04T21:23:33","slug":"llega-la-primera-edicion-de-la-jornada-xmaiz-y-ya-tiene-su-programa-completo","status":"publish","type":"post","link":"https:\/\/webagro.com.ar\/es\/noticias-de-interes-general\/llega-la-primera-edicion-de-la-jornada-xmaiz-y-ya-tiene-su-programa-completo\/","title":{"rendered":"Llega la primera edici\u00f3n de la jornada X+Ma\u00edz y ya tiene su programa completo"},"content":{"rendered":"<p>&nbsp;<\/p>\n<p>La<strong>\u00a0Bolsa de Cereales de C\u00f3rdoba<\/strong>\u00a0y la\u00a0<strong>Sociedad Rural de Jes\u00fas Mar\u00eda\u00a0<\/strong>invitan a participar de este nuevo espacio de encuentro para abordar los principales desaf\u00edos y oportunidades que presenta la cadena del ma\u00edz, en el marco de la 79 Exposici\u00f3n Rural<\/p>\n<p><img decoding=\"async\" class=\"an1\" draggable=\"false\" src=\"https:\/\/fonts.gstatic.com\/s\/e\/notoemoji\/17.0\/1f4c5\/32.png\" alt=\"\ud83d\udcc5\" data-emoji=\"\ud83d\udcc5\" aria-label=\"\ud83d\udcc5\" \/>\u00a0<strong>Jueves 10 de septiembre<\/strong><br \/>\n<img decoding=\"async\" class=\"an1\" draggable=\"false\" src=\"https:\/\/fonts.gstatic.com\/s\/e\/notoemoji\/17.0\/1f559\/32.png\" alt=\"\ud83d\udd59\" data-emoji=\"\ud83d\udd59\" aria-label=\"\ud83d\udd59\" \/>\u00a0<strong>9:00 a 12:30 horas<\/strong><br \/>\n<img decoding=\"async\" class=\"an1\" draggable=\"false\" src=\"https:\/\/fonts.gstatic.com\/s\/e\/notoemoji\/17.0\/1f4cd\/32.png\" alt=\"\ud83d\udccd\" data-emoji=\"\ud83d\udccd\" aria-label=\"\ud83d\udccd\" \/>\u00a0<strong>Sal\u00f3n Pampa &#8211; Expo Rural Jes\u00fas Mar\u00eda<\/strong><\/p>\n<p>Inscripci\u00f3n:\u00a0<a href=\"http:\/\/Inscripci\u00f3n: https:\/\/forms.gle\/uLbSBZ26tKygxbvb8\">http:\/\/Inscripci\u00f3n: https:\/\/forms.gle\/uLbSBZ26tKygxbvb8<\/a><\/p>\n<p>Programa detallado de la jornada<\/p>\n<p>Link de acceso:\u00a0<a href=\"https:\/\/bccba.org.ar\/jornada-x-maiz\/?embtrk=8b9i-R-538191531-R-:c6f-R-8j5eo77https:\/\/bccba.org.ar\/jornada-x-maiz\/?embtrk=8b9i-R-538191531-R-:c6f-R-8j5eo77\">https:\/\/bccba.org.ar\/jornada-x-maiz\/?embtrk=8b9i-R-538191531-R-:c6f-R-8j5eo77https:\/\/bccba.org.ar\/jornada-x-maiz\/?embtrk=8b9i-R-538191531-R-:c6f-R-8j5eo77<\/a><\/p>\n<p>&nbsp;<\/p>\n<p>Fuente: https:\/\/exporuraljesusmaria.com.ar\/<\/p>\n","protected":false},"excerpt":{"rendered":"<p>&nbsp; La\u00a0Bolsa de Cereales de C\u00f3rdoba\u00a0y la\u00a0Sociedad Rural de Jes\u00fas Mar\u00eda\u00a0invitan a participar de este nuevo espacio de encuentro para abordar los principales desaf\u00edos y oportunidades que presenta la cadena del ma\u00edz, en el marco de la 79 Exposici\u00f3n Rural \u00a0Jueves 10 de septiembre \u00a09:00 a 12:30 horas \u00a0Sal\u00f3n Pampa &#8211; Expo Rural Jes\u00fas Mar\u00eda Inscripci\u00f3n:\u00a0http:\/\/Inscripci\u00f3n: https:\/\/forms.gle\/uLbSBZ26tKygxbvb8 Programa detallado de la jornada Link de acceso:\u00a0https:\/\/bccba.org.ar\/jornada-x-maiz\/?embtrk=8b9i-R-538191531-R-:c6f-R-8j5eo77https:\/\/bccba.org.ar\/jornada-x-maiz\/?embtrk=8b9i-R-538191531-R-:c6f-R-8j5eo77 &nbsp; Fuente: https:\/\/exporuraljesusmaria.com.ar\/<\/p>\n","protected":false},"author":1,"featured_media":48601,"comment_status":"closed","ping_status":"closed","sticky":false,"template":"","format":"standard","meta":{"footnotes":""},"categories":[30],"tags":[],"class_list":["post-48721","post","type-post","status-publish","format-standard","has-post-thumbnail","hentry","category-noticias-de-interes-general"],"_links":{"self":[{"href":"https:\/\/webagro.com.ar\/es\/wp-json\/wp\/v2\/posts\/48721","targetHints":{"allow":["GET"]}}],"collection":[{"href":"https:\/\/webagro.com.ar\/es\/wp-json\/wp\/v2\/posts"}],"about":[{"href":"https:\/\/webagro.com.ar\/es\/wp-json\/wp\/v2\/types\/post"}],"author":[{"embeddable":true,"href":"https:\/\/webagro.com.ar\/es\/wp-json\/wp\/v2\/users\/1"}],"replies":[{"embeddable":true,"href":"https:\/\/webagro.com.ar\/es\/wp-json\/wp\/v2\/comments?post=48721"}],"version-history":[{"count":1,"href":"https:\/\/webagro.com.ar\/es\/wp-json\/wp\/v2\/posts\/48721\/revisions"}],"predecessor-version":[{"id":48722,"href":"https:\/\/webagro.com.ar\/es\/wp-json\/wp\/v2\/posts\/48721\/revisions\/48722"}],"wp:featuredmedia":[{"embeddable":true,"href":"https:\/\/webagro.com.ar\/es\/wp-json\/wp\/v2\/media\/48601"}],"wp:attachment":[{"href":"https:\/\/webagro.com.ar\/es\/wp-json\/wp\/v2\/media?parent=48721"}],"wp:term":[{"taxonomy":"category","embeddable":true,"href":"https:\/\/webagro.com.ar\/es\/wp-json\/wp\/v2\/categories?post=48721"},{"taxonomy":"post_tag","embeddable":true,"href":"https:\/\/webagro.com.ar\/es\/wp-json\/wp\/v2\/tags?post=48721"}],"curies":[{"name":"wp","href":"https:\/\/api.w.org\/{rel}","templated":true}]}}